{"id":12145,"date":"2026-03-27T09:11:02","date_gmt":"2026-03-27T07:11:02","guid":{"rendered":"https:\/\/kvalifikacii.crso.gov.mk\/punetorise-nacionale-bashkepunim-i-perbashket-per-mbeshtetjen-e-qendrave-rajonale-per-arsim-profesional-dhe-trajnim-qrapt\/"},"modified":"2026-04-24T09:11:02","modified_gmt":"2026-04-24T07:11:02","slug":"punetorise-nacionale-bashkepunim-i-perbashket-per-mbeshtetjen-e-qendrave-rajonale-per-arsim-profesional-dhe-trajnim-qrapt","status":"publish","type":"post","link":"https:\/\/kvalifikacii.crso.gov.mk\/sq\/punetorise-nacionale-bashkepunim-i-perbashket-per-mbeshtetjen-e-qendrave-rajonale-per-arsim-profesional-dhe-trajnim-qrapt\/","title":{"rendered":"Pun\u00ebtoris\u00eb nacionale \u201cBashk\u00ebpunim i p\u00ebrbashk\u00ebt p\u00ebr mb\u00ebshtetjen e Qendrave Rajonale p\u00ebr Arsim Profesional dhe Trajnim (QRAPT)\u201c"},"content":{"rendered":"<div class=\"xdj266r x14z9mp xat24cr x1lziwak x1vvkbs x126k92a\">\n<div dir=\"auto\">P\u00ebrfaq\u00ebsues nga Qendra p\u00ebr Zhvillimin e Arsimit Profesional mori pjes\u00eb n\u00eb nj\u00eb panel-diskutim n\u00eb kuad\u00ebr t\u00eb pun\u00ebtoris\u00eb nacionale \u201cBashk\u00ebpunim i p\u00ebrbashk\u00ebt p\u00ebr mb\u00ebshtetjen e Qendrave Rajonale p\u00ebr Arsim Profesional dhe Trajnim (QRAPT)\u201d, e cila u mbajt, m\u00eb 26\u201327 mars 2026, n\u00eb Shkup.<\/div>\n<div dir=\"auto\">\n<div id='gallery-1' class='gallery galleryid-12145 gallery-columns-3 gallery-size-thumbnail'><figure class='gallery-item'>\n\t\t\t<div class='gallery-icon landscape'>\n\t\t\t\t<a href='https:\/\/kvalifikacii.crso.gov.mk\/sq\/punetorise-nacionale-bashkepunim-i-perbashket-per-mbeshtetjen-e-qendrave-rajonale-per-arsim-profesional-dhe-trajnim-qrapt\/658933406_1274381424794621_4656183693472384354_n-2\/'><img decoding=\"async\" width=\"150\" height=\"150\" src=\"https:\/\/kvalifikacii.crso.gov.mk\/wp-content\/uploads\/2026\/04\/658933406_1274381424794621_4656183693472384354_n-150x150.jpg\" class=\"attachment-thumbnail size-thumbnail\" alt=\"\" \/><\/a>\n\t\t\t<\/div><\/figure><figure class='gallery-item'>\n\t\t\t<div class='gallery-icon landscape'>\n\t\t\t\t<a href='https:\/\/kvalifikacii.crso.gov.mk\/sq\/punetorise-nacionale-bashkepunim-i-perbashket-per-mbeshtetjen-e-qendrave-rajonale-per-arsim-profesional-dhe-trajnim-qrapt\/659164553_1274381668127930_4324531146333781268_n-2\/'><img decoding=\"async\" width=\"150\" height=\"150\" src=\"https:\/\/kvalifikacii.crso.gov.mk\/wp-content\/uploads\/2026\/04\/659164553_1274381668127930_4324531146333781268_n-150x150.jpg\" class=\"attachment-thumbnail size-thumbnail\" alt=\"\" \/><\/a>\n\t\t\t<\/div><\/figure><figure class='gallery-item'>\n\t\t\t<div class='gallery-icon landscape'>\n\t\t\t\t<a href='https:\/\/kvalifikacii.crso.gov.mk\/sq\/punetorise-nacionale-bashkepunim-i-perbashket-per-mbeshtetjen-e-qendrave-rajonale-per-arsim-profesional-dhe-trajnim-qrapt\/658168469_1274381624794601_3420663884473807484_n-2\/'><img decoding=\"async\" width=\"150\" height=\"150\" src=\"https:\/\/kvalifikacii.crso.gov.mk\/wp-content\/uploads\/2026\/04\/658168469_1274381624794601_3420663884473807484_n-150x150.jpg\" class=\"attachment-thumbnail size-thumbnail\" alt=\"\" \/><\/a>\n\t\t\t<\/div><\/figure><figure class='gallery-item'>\n\t\t\t<div class='gallery-icon landscape'>\n\t\t\t\t<a href='https:\/\/kvalifikacii.crso.gov.mk\/sq\/punetorise-nacionale-bashkepunim-i-perbashket-per-mbeshtetjen-e-qendrave-rajonale-per-arsim-profesional-dhe-trajnim-qrapt\/657323960_1274381584794605_3527606870794682186_n-2\/'><img loading=\"lazy\" decoding=\"async\" width=\"150\" height=\"150\" src=\"https:\/\/kvalifikacii.crso.gov.mk\/wp-content\/uploads\/2026\/04\/657323960_1274381584794605_3527606870794682186_n-150x150.jpg\" class=\"attachment-thumbnail size-thumbnail\" alt=\"\" \/><\/a>\n\t\t\t<\/div><\/figure><figure class='gallery-item'>\n\t\t\t<div class='gallery-icon portrait'>\n\t\t\t\t<a href='https:\/\/kvalifikacii.crso.gov.mk\/sq\/punetorise-nacionale-bashkepunim-i-perbashket-per-mbeshtetjen-e-qendrave-rajonale-per-arsim-profesional-dhe-trajnim-qrapt\/656235982_1274381484794615_6483322936208686464_n-2\/'><img loading=\"lazy\" decoding=\"async\" width=\"150\" height=\"150\" src=\"https:\/\/kvalifikacii.crso.gov.mk\/wp-content\/uploads\/2026\/04\/656235982_1274381484794615_6483322936208686464_n-150x150.jpg\" class=\"attachment-thumbnail size-thumbnail\" alt=\"\" \/><\/a>\n\t\t\t<\/div><\/figure><figure class='gallery-item'>\n\t\t\t<div class='gallery-icon landscape'>\n\t\t\t\t<a href='https:\/\/kvalifikacii.crso.gov.mk\/sq\/punetorise-nacionale-bashkepunim-i-perbashket-per-mbeshtetjen-e-qendrave-rajonale-per-arsim-profesional-dhe-trajnim-qrapt\/659767567_1274381384794625_6719254640888041502_n-2\/'><img loading=\"lazy\" decoding=\"async\" width=\"150\" height=\"150\" src=\"https:\/\/kvalifikacii.crso.gov.mk\/wp-content\/uploads\/2026\/04\/659767567_1274381384794625_6719254640888041502_n-150x150.jpg\" class=\"attachment-thumbnail size-thumbnail\" alt=\"\" \/><\/a>\n\t\t\t<\/div><\/figure>\n\t\t<\/div>\n\n<\/div>\n<\/div>\n<div class=\"x14z9mp xat24cr x1lziwak x1vvkbs xtlvy1s x126k92a\">\n<div dir=\"auto\">N\u00eb kuad\u00ebr t\u00eb panel-diskutimit u theksua roli ky\u00e7 i QRAPT-ve si shtyt\u00ebs t\u00eb reformave n\u00eb arsimin profesional, por edhe e ardhmja e tyre si qendra t\u00eb ekselenc\u00ebs dhe hube rajonale p\u00ebr zhvillimin e aft\u00ebsive, inovacionin dhe t\u00eb m\u00ebsuarit gjat\u00eb gjith\u00eb jet\u00ebs.<\/div>\n<\/div>\n<div class=\"x14z9mp xat24cr x1lziwak x1vvkbs xtlvy1s x126k92a\">\n<div dir=\"auto\">N\u00eb diskutim u n\u00ebnvizua se p\u00ebrmes bashk\u00ebpunimit t\u00eb forcuar nd\u00ebrmjet institucioneve, sistemit arsimor dhe sektorit privat, QRAPT-t\u00eb kan\u00eb potencialin t\u00eb b\u00ebhen institucione ky\u00e7e t\u00eb zhvillimit ekonomik rajonal dhe modernizimit t\u00eb arsimit profesional.<\/div>\n<div dir=\"auto\">Ngjarja mund\u00ebsoi nj\u00eb diskutim konstruktiv p\u00ebr zhvillimin e ardhsh\u00ebm t\u00eb Qendrave Rajonale dhe rolin e tyre n\u00eb ekosistemet rajonale t\u00eb aft\u00ebsive.<\/div>\n<\/div>\n","protected":false},"excerpt":{"rendered":"<p>P\u00ebrfaq\u00ebsues nga Qendra p\u00ebr Zhvillimin e Arsimit Profesional mori pjes\u00eb n\u00eb nj\u00eb panel-diskutim n\u00eb kuad\u00ebr t\u00eb pun\u00ebtoris\u00eb nacionale \u201cBashk\u00ebpunim i p\u00ebrbashk\u00ebt p\u00ebr mb\u00ebshtetjen e Qendrave Rajonale p\u00ebr Arsim Profesional dhe Trajnim (QRAPT)\u201d, e cila u mbajt, m\u00eb 26\u201327 mars 2026, n\u00eb Shkup. N\u00eb kuad\u00ebr t\u00eb panel-diskutimit u theksua roli ky\u00e7 i QRAPT-ve si shtyt\u00ebs t\u00eb [&hellip;]<\/p>\n","protected":false},"author":4,"featured_media":12139,"comment_status":"closed","ping_status":"closed","sticky":false,"template":"","format":"standard","meta":{"_acf_changed":false,"footnotes":""},"categories":[55],"tags":[],"class_list":["post-12145","post","type-post","status-publish","format-standard","has-post-thumbnail","hentry","category-ngjarje"],"acf":[],"_links":{"self":[{"href":"https:\/\/kvalifikacii.crso.gov.mk\/sq\/wp-json\/wp\/v2\/posts\/12145","targetHints":{"allow":["GET"]}}],"collection":[{"href":"https:\/\/kvalifikacii.crso.gov.mk\/sq\/wp-json\/wp\/v2\/posts"}],"about":[{"href":"https:\/\/kvalifikacii.crso.gov.mk\/sq\/wp-json\/wp\/v2\/types\/post"}],"author":[{"embeddable":true,"href":"https:\/\/kvalifikacii.crso.gov.mk\/sq\/wp-json\/wp\/v2\/users\/4"}],"replies":[{"embeddable":true,"href":"https:\/\/kvalifikacii.crso.gov.mk\/sq\/wp-json\/wp\/v2\/comments?post=12145"}],"version-history":[{"count":0,"href":"https:\/\/kvalifikacii.crso.gov.mk\/sq\/wp-json\/wp\/v2\/posts\/12145\/revisions"}],"wp:featuredmedia":[{"embeddable":true,"href":"https:\/\/kvalifikacii.crso.gov.mk\/sq\/wp-json\/wp\/v2\/media\/12139"}],"wp:attachment":[{"href":"https:\/\/kvalifikacii.crso.gov.mk\/sq\/wp-json\/wp\/v2\/media?parent=12145"}],"wp:term":[{"taxonomy":"category","embeddable":true,"href":"https:\/\/kvalifikacii.crso.gov.mk\/sq\/wp-json\/wp\/v2\/categories?post=12145"},{"taxonomy":"post_tag","embeddable":true,"href":"https:\/\/kvalifikacii.crso.gov.mk\/sq\/wp-json\/wp\/v2\/tags?post=12145"}],"curies":[{"name":"wp","href":"https:\/\/api.w.org\/{rel}","templated":true}]}}