{"id":12161,"date":"2026-04-20T09:12:16","date_gmt":"2026-04-20T07:12:16","guid":{"rendered":"https:\/\/kvalifikacii.crso.gov.mk\/pergatitu-per-pune-permes-orientimit-ne-karriere\/"},"modified":"2026-04-20T09:12:16","modified_gmt":"2026-04-20T07:12:16","slug":"pergatitu-per-pune-permes-orientimit-ne-karriere","status":"publish","type":"post","link":"https:\/\/kvalifikacii.crso.gov.mk\/sq\/pergatitu-per-pune-permes-orientimit-ne-karriere\/","title":{"rendered":"P\u00ebrgatitu p\u00ebr pun\u00eb p\u00ebrmes orientimit n\u00eb karrier\u00eb"},"content":{"rendered":"<div class=\"xdj266r x14z9mp xat24cr x1lziwak x1vvkbs x126k92a\">\n<div dir=\"auto\">P\u00ebrfaq\u00ebsues nga Qendra p\u00ebr Zhvillimin e Arsimit Profesional mor\u00ebn pjes\u00eb n\u00eb konferenc\u00ebn nacionale fillestare, n\u00eb Shkup, p\u00ebr projektin rajonal \u201cP\u00ebrgatitu p\u00ebr pun\u00eb p\u00ebrmes orientimit n\u00eb karrier\u00eb\u201d, i zbatuar nga Agjencia p\u00ebr Arsim dhe Internacionalizim, n\u00eb kuad\u00ebr t\u00eb Programit p\u00ebr bashk\u00ebpunim arsimor me Evrop\u00ebn Lindore dhe Juglindore.<\/div>\n<div dir=\"auto\">\n<div id='gallery-1' class='gallery galleryid-12161 gallery-columns-3 gallery-size-thumbnail'><figure class='gallery-item'>\n\t\t\t<div class='gallery-icon landscape'>\n\t\t\t\t<a href='https:\/\/kvalifikacii.crso.gov.mk\/sq\/pergatitu-per-pune-permes-orientimit-ne-karriere\/674773617_1293105719588858_5870437529216764064_n-2\/'><img decoding=\"async\" width=\"150\" height=\"150\" src=\"https:\/\/kvalifikacii.crso.gov.mk\/wp-content\/uploads\/2026\/04\/674773617_1293105719588858_5870437529216764064_n-150x150.jpg\" class=\"attachment-thumbnail size-thumbnail\" alt=\"\" \/><\/a>\n\t\t\t<\/div><\/figure><figure class='gallery-item'>\n\t\t\t<div class='gallery-icon landscape'>\n\t\t\t\t<a href='https:\/\/kvalifikacii.crso.gov.mk\/sq\/pergatitu-per-pune-permes-orientimit-ne-karriere\/674907510_1293105686255528_4649765646948845038_n-2\/'><img decoding=\"async\" width=\"150\" height=\"150\" src=\"https:\/\/kvalifikacii.crso.gov.mk\/wp-content\/uploads\/2026\/04\/674907510_1293105686255528_4649765646948845038_n-150x150.jpg\" class=\"attachment-thumbnail size-thumbnail\" alt=\"\" \/><\/a>\n\t\t\t<\/div><\/figure><figure class='gallery-item'>\n\t\t\t<div class='gallery-icon landscape'>\n\t\t\t\t<a href='https:\/\/kvalifikacii.crso.gov.mk\/sq\/pergatitu-per-pune-permes-orientimit-ne-karriere\/678528537_1293105649588865_9157508659006657625_n-2\/'><img decoding=\"async\" width=\"150\" height=\"150\" src=\"https:\/\/kvalifikacii.crso.gov.mk\/wp-content\/uploads\/2026\/04\/678528537_1293105649588865_9157508659006657625_n-150x150.jpg\" class=\"attachment-thumbnail size-thumbnail\" alt=\"\" \/><\/a>\n\t\t\t<\/div><\/figure><figure class='gallery-item'>\n\t\t\t<div class='gallery-icon portrait'>\n\t\t\t\t<a href='https:\/\/kvalifikacii.crso.gov.mk\/sq\/pergatitu-per-pune-permes-orientimit-ne-karriere\/678807720_1293105796255517_5982872592846557828_n-2\/'><img loading=\"lazy\" decoding=\"async\" width=\"150\" height=\"150\" src=\"https:\/\/kvalifikacii.crso.gov.mk\/wp-content\/uploads\/2026\/04\/678807720_1293105796255517_5982872592846557828_n-150x150.jpg\" class=\"attachment-thumbnail size-thumbnail\" alt=\"\" \/><\/a>\n\t\t\t<\/div><\/figure><figure class='gallery-item'>\n\t\t\t<div class='gallery-icon portrait'>\n\t\t\t\t<a href='https:\/\/kvalifikacii.crso.gov.mk\/sq\/pergatitu-per-pune-permes-orientimit-ne-karriere\/677922583_1293105776255519_1892506937023390775_n-2\/'><img loading=\"lazy\" decoding=\"async\" width=\"150\" height=\"150\" src=\"https:\/\/kvalifikacii.crso.gov.mk\/wp-content\/uploads\/2026\/04\/677922583_1293105776255519_1892506937023390775_n-150x150.jpg\" class=\"attachment-thumbnail size-thumbnail\" alt=\"\" \/><\/a>\n\t\t\t<\/div><\/figure><figure class='gallery-item'>\n\t\t\t<div class='gallery-icon portrait'>\n\t\t\t\t<a href='https:\/\/kvalifikacii.crso.gov.mk\/sq\/pergatitu-per-pune-permes-orientimit-ne-karriere\/678161536_1293105762922187_3153573852181220231_n-2\/'><img loading=\"lazy\" decoding=\"async\" width=\"150\" height=\"150\" src=\"https:\/\/kvalifikacii.crso.gov.mk\/wp-content\/uploads\/2026\/04\/678161536_1293105762922187_3153573852181220231_n-150x150.jpg\" class=\"attachment-thumbnail size-thumbnail\" alt=\"\" \/><\/a>\n\t\t\t<\/div><\/figure><figure class='gallery-item'>\n\t\t\t<div class='gallery-icon landscape'>\n\t\t\t\t<a href='https:\/\/kvalifikacii.crso.gov.mk\/sq\/pergatitu-per-pune-permes-orientimit-ne-karriere\/678152603_1293105742922189_4828534171655917277_n-2\/'><img loading=\"lazy\" decoding=\"async\" width=\"150\" height=\"150\" src=\"https:\/\/kvalifikacii.crso.gov.mk\/wp-content\/uploads\/2026\/04\/678152603_1293105742922189_4828534171655917277_n-150x150.jpg\" class=\"attachment-thumbnail size-thumbnail\" alt=\"\" \/><\/a>\n\t\t\t<\/div><\/figure>\n\t\t<\/div>\n\n<\/div>\n<\/div>\n<div class=\"x14z9mp xat24cr x1lziwak x1vvkbs xtlvy1s x126k92a\">\n<div dir=\"auto\">N\u00eb konferenc\u00eb, Elizabeta Jovanovska-Radanoviq nga QZhAP pati fjalimin e saj si eksperte nacionalek, ku ndau perspektivat, sfidat dhe mund\u00ebsit\u00eb p\u00ebr zhvillimin e orientimit n\u00eb karrier\u00eb n\u00eb arsimin profesional dhe trajnimin.<\/div>\n<\/div>\n<div class=\"x14z9mp xat24cr x1lziwak x1vvkbs xtlvy1s x126k92a\">\n<div dir=\"auto\">Gjithashtu, nj\u00eb p\u00ebrfaq\u00ebsuese nga Qendra p\u00ebr Zhvillimin e Arsimit Profesional mori pjes\u00eb si paneliste n\u00eb diskutimin panel kushtuar forcimit t\u00eb orientimit n\u00eb karrier\u00eb, ku u theksua r\u00ebnd\u00ebsia e bashk\u00ebpunimit nd\u00ebrinstitucional, roli i shkollave dhe nevoja p\u00ebr nj\u00eb qasje sistematike n\u00eb mb\u00ebshtetjen e nx\u00ebn\u00ebsve gjat\u00eb zgjedhjes s\u00eb karrier\u00ebs.<\/div>\n<\/div>\n<div class=\"x14z9mp xat24cr x1lziwak x1vvkbs xtlvy1s x126k92a\">\n<div dir=\"auto\">Qendra p\u00ebr Zhvillimin e Arsimit Profesional vazhdon t\u00eb kontribuoj\u00eb aktivisht n\u00eb p\u00ebrmir\u00ebsimin e cil\u00ebsis\u00eb dhe relevanc\u00ebs s\u00eb arsimit profesional, me fokus t\u00eb ve\u00e7ant\u00eb n\u00eb orientimin n\u00eb karrier\u00eb si nj\u00eb segment i r\u00ebnd\u00ebsish\u00ebm n\u00eb p\u00ebrgatitjen e t\u00eb rinjve p\u00ebr tregun e pun\u00ebs.<\/div>\n<\/div>\n","protected":false},"excerpt":{"rendered":"<p>P\u00ebrfaq\u00ebsues nga Qendra p\u00ebr Zhvillimin e Arsimit Profesional mor\u00ebn pjes\u00eb n\u00eb konferenc\u00ebn nacionale fillestare, n\u00eb Shkup, p\u00ebr projektin rajonal \u201cP\u00ebrgatitu p\u00ebr pun\u00eb p\u00ebrmes orientimit n\u00eb karrier\u00eb\u201d, i zbatuar nga Agjencia p\u00ebr Arsim dhe Internacionalizim, n\u00eb kuad\u00ebr t\u00eb Programit p\u00ebr bashk\u00ebpunim arsimor me Evrop\u00ebn Lindore dhe Juglindore. N\u00eb konferenc\u00eb, Elizabeta Jovanovska-Radanoviq nga QZhAP pati fjalimin e [&hellip;]<\/p>\n","protected":false},"author":4,"featured_media":12154,"comment_status":"closed","ping_status":"closed","sticky":false,"template":"","format":"standard","meta":{"_acf_changed":false,"footnotes":""},"categories":[55],"tags":[],"class_list":["post-12161","post","type-post","status-publish","format-standard","has-post-thumbnail","hentry","category-ngjarje"],"acf":[],"_links":{"self":[{"href":"https:\/\/kvalifikacii.crso.gov.mk\/sq\/wp-json\/wp\/v2\/posts\/12161","targetHints":{"allow":["GET"]}}],"collection":[{"href":"https:\/\/kvalifikacii.crso.gov.mk\/sq\/wp-json\/wp\/v2\/posts"}],"about":[{"href":"https:\/\/kvalifikacii.crso.gov.mk\/sq\/wp-json\/wp\/v2\/types\/post"}],"author":[{"embeddable":true,"href":"https:\/\/kvalifikacii.crso.gov.mk\/sq\/wp-json\/wp\/v2\/users\/4"}],"replies":[{"embeddable":true,"href":"https:\/\/kvalifikacii.crso.gov.mk\/sq\/wp-json\/wp\/v2\/comments?post=12161"}],"version-history":[{"count":0,"href":"https:\/\/kvalifikacii.crso.gov.mk\/sq\/wp-json\/wp\/v2\/posts\/12161\/revisions"}],"wp:featuredmedia":[{"embeddable":true,"href":"https:\/\/kvalifikacii.crso.gov.mk\/sq\/wp-json\/wp\/v2\/media\/12154"}],"wp:attachment":[{"href":"https:\/\/kvalifikacii.crso.gov.mk\/sq\/wp-json\/wp\/v2\/media?parent=12161"}],"wp:term":[{"taxonomy":"category","embeddable":true,"href":"https:\/\/kvalifikacii.crso.gov.mk\/sq\/wp-json\/wp\/v2\/categories?post=12161"},{"taxonomy":"post_tag","embeddable":true,"href":"https:\/\/kvalifikacii.crso.gov.mk\/sq\/wp-json\/wp\/v2\/tags?post=12161"}],"curies":[{"name":"wp","href":"https:\/\/api.w.org\/{rel}","templated":true}]}}