{"id":12222,"date":"2026-04-23T14:48:59","date_gmt":"2026-04-23T12:48:59","guid":{"rendered":"https:\/\/kvalifikacii.crso.gov.mk\/garaa-arsimore-ne-kuader-te-massum\/"},"modified":"2026-04-23T14:48:59","modified_gmt":"2026-04-23T12:48:59","slug":"garaa-arsimore-ne-kuader-te-massum","status":"publish","type":"post","link":"https:\/\/kvalifikacii.crso.gov.mk\/sq\/garaa-arsimore-ne-kuader-te-massum\/","title":{"rendered":"\u201cGaraa Arsimore\u201d n\u00eb kuad\u00ebr t\u00eb MASSUM"},"content":{"rendered":"<div dir=\"auto\">Qendra p\u00ebr Zhvillimin e Arsimit Profesional, me krenari mori pjes\u00eb n\u00eb hapjen e \u201cGaraa Arsimore\u201d n\u00eb kuad\u00ebr t\u00eb MASSUM \u2013 edicioni jubilar i 20-t\u00eb i nj\u00eb prej manifestimeve m\u00eb t\u00eb r\u00ebnd\u00ebsishme arsimore n\u00eb vend.<\/div>\n<div dir=\"auto\">Ngjarja bashkon nx\u00ebn\u00ebs nga shkollat e mesme profesionale, t\u00eb cil\u00ebt prezantojn\u00eb njohurit\u00eb, aft\u00ebsit\u00eb dhe kreativitetin e tyre p\u00ebrmes garave dhe prezantimeve. Gjat\u00eb viteve \u00ebsht\u00eb shnd\u00ebrruar n\u00eb tubimin m\u00eb t\u00eb madh t\u00eb nx\u00ebn\u00ebsve t\u00eb shkollave t\u00eb mesme t\u00eb k\u00ebtij lloji, nd\u00ebrsa edicioni i sivjetsh\u00ebm edhe nj\u00eb her\u00eb theksoi r\u00ebnd\u00ebsin\u00eb e arsimit profesional, si dhe entuziazmin dhe gatishm\u00ebrin\u00eb e t\u00eb rinjve p\u00ebr sfidat e s\u00eb ardhmes. <\/div>\n<div dir=\"auto\">P\u00ebr QZhAP, kjo ngjarje \u00ebsht\u00eb ve\u00e7an\u00ebrisht e r\u00ebnd\u00ebsishme sepse n\u00eb nj\u00eb vend bashkon nx\u00ebn\u00ebs nga pothuajse t\u00eb gjitha shkollat e mesme profesionale n\u00eb vend.<\/div>\n<div dir=\"auto\">\n<div id='gallery-1' class='gallery galleryid-12222 gallery-columns-3 gallery-size-thumbnail'><figure class='gallery-item'>\n\t\t\t<div class='gallery-icon landscape'>\n\t\t\t\t<a href='https:\/\/kvalifikacii.crso.gov.mk\/sq\/garaa-arsimore-ne-kuader-te-massum\/678774932_1295961315969965_319566598455378173_n-2\/'><img decoding=\"async\" width=\"150\" height=\"150\" src=\"https:\/\/kvalifikacii.crso.gov.mk\/wp-content\/uploads\/2026\/04\/678774932_1295961315969965_319566598455378173_n-150x150.jpg\" class=\"attachment-thumbnail size-thumbnail\" alt=\"\" \/><\/a>\n\t\t\t<\/div><\/figure><figure class='gallery-item'>\n\t\t\t<div class='gallery-icon landscape'>\n\t\t\t\t<a href='https:\/\/kvalifikacii.crso.gov.mk\/sq\/garaa-arsimore-ne-kuader-te-massum\/681287782_1295961405969956_6788490502178221135_n-2\/'><img decoding=\"async\" width=\"150\" height=\"150\" src=\"https:\/\/kvalifikacii.crso.gov.mk\/wp-content\/uploads\/2026\/04\/681287782_1295961405969956_6788490502178221135_n-150x150.jpg\" class=\"attachment-thumbnail size-thumbnail\" alt=\"\" \/><\/a>\n\t\t\t<\/div><\/figure><figure class='gallery-item'>\n\t\t\t<div class='gallery-icon landscape'>\n\t\t\t\t<a href='https:\/\/kvalifikacii.crso.gov.mk\/sq\/garaa-arsimore-ne-kuader-te-massum\/679998822_1295961445969952_8873024716248230264_n-2\/'><img decoding=\"async\" width=\"150\" height=\"150\" src=\"https:\/\/kvalifikacii.crso.gov.mk\/wp-content\/uploads\/2026\/04\/679998822_1295961445969952_8873024716248230264_n-150x150.jpg\" class=\"attachment-thumbnail size-thumbnail\" alt=\"\" \/><\/a>\n\t\t\t<\/div><\/figure>\n\t\t<\/div>\n\n<\/div>\n","protected":false},"excerpt":{"rendered":"<p>Qendra p\u00ebr Zhvillimin e Arsimit Profesional, me krenari mori pjes\u00eb n\u00eb hapjen e \u201cGaraa Arsimore\u201d n\u00eb kuad\u00ebr t\u00eb MASSUM \u2013 edicioni jubilar i 20-t\u00eb i nj\u00eb prej manifestimeve m\u00eb t\u00eb r\u00ebnd\u00ebsishme arsimore n\u00eb vend. Ngjarja bashkon nx\u00ebn\u00ebs nga shkollat e mesme profesionale, t\u00eb cil\u00ebt prezantojn\u00eb njohurit\u00eb, aft\u00ebsit\u00eb dhe kreativitetin e tyre p\u00ebrmes garave dhe prezantimeve. [&hellip;]<\/p>\n","protected":false},"author":4,"featured_media":12218,"comment_status":"closed","ping_status":"closed","sticky":false,"template":"","format":"standard","meta":{"_acf_changed":false,"footnotes":""},"categories":[55],"tags":[],"class_list":["post-12222","post","type-post","status-publish","format-standard","has-post-thumbnail","hentry","category-ngjarje"],"acf":[],"_links":{"self":[{"href":"https:\/\/kvalifikacii.crso.gov.mk\/sq\/wp-json\/wp\/v2\/posts\/12222","targetHints":{"allow":["GET"]}}],"collection":[{"href":"https:\/\/kvalifikacii.crso.gov.mk\/sq\/wp-json\/wp\/v2\/posts"}],"about":[{"href":"https:\/\/kvalifikacii.crso.gov.mk\/sq\/wp-json\/wp\/v2\/types\/post"}],"author":[{"embeddable":true,"href":"https:\/\/kvalifikacii.crso.gov.mk\/sq\/wp-json\/wp\/v2\/users\/4"}],"replies":[{"embeddable":true,"href":"https:\/\/kvalifikacii.crso.gov.mk\/sq\/wp-json\/wp\/v2\/comments?post=12222"}],"version-history":[{"count":0,"href":"https:\/\/kvalifikacii.crso.gov.mk\/sq\/wp-json\/wp\/v2\/posts\/12222\/revisions"}],"wp:featuredmedia":[{"embeddable":true,"href":"https:\/\/kvalifikacii.crso.gov.mk\/sq\/wp-json\/wp\/v2\/media\/12218"}],"wp:attachment":[{"href":"https:\/\/kvalifikacii.crso.gov.mk\/sq\/wp-json\/wp\/v2\/media?parent=12222"}],"wp:term":[{"taxonomy":"category","embeddable":true,"href":"https:\/\/kvalifikacii.crso.gov.mk\/sq\/wp-json\/wp\/v2\/categories?post=12222"},{"taxonomy":"post_tag","embeddable":true,"href":"https:\/\/kvalifikacii.crso.gov.mk\/sq\/wp-json\/wp\/v2\/tags?post=12222"}],"curies":[{"name":"wp","href":"https:\/\/api.w.org\/{rel}","templated":true}]}}